{"id":517,"date":"2026-09-04T17:19:54","date_gmt":"2026-09-04T15:19:54","guid":{"rendered":"https:\/\/snudifo09.com\/?p=517"},"modified":"2026-09-04T17:19:55","modified_gmt":"2026-09-04T15:19:55","slug":"compte-rendu-du-gt-de-la-formation-specialisee-concernant-linclusion-du-7-juillet-2026","status":"publish","type":"post","link":"https:\/\/snudifo09.com\/index.php\/2026\/09\/04\/compte-rendu-du-gt-de-la-formation-specialisee-concernant-linclusion-du-7-juillet-2026\/","title":{"rendered":"Compte rendu du GT de la formation sp\u00e9cialis\u00e9e concernant l\u2019inclusion du 7 juillet 2026"},"content":{"rendered":"\n<p class=\"wp-block-paragraph\">La pr\u00e9sidente de s\u00e9ance propose l\u2019ordre du jour et indique que l\u2019objet du GT est la r\u00e9alisation d\u2019un guide \u00e0 destination des personnels. Elle demande si toutes les organisations sont d\u2019accord. La FNEC FP-FO intervient pour exprimer son d\u00e9saccord, indiquer que nous souhaitons traiter de la pr\u00e9vention primaire, c\u2019est-\u00e0-dire des contre-r\u00e9formes qui conduisent \u00e0 ces difficult\u00e9s. La FNEC FP-FO pr\u00e9cise qu\u2019elle ne participera pas \u00e0 la r\u00e9daction du guide et quittera la s\u00e9ance si ce point est abord\u00e9.<\/p>\n\n\n\n\t\t<div class=\"wppdfemb-frame-container-1\" style=\"-webkit-overflow-scrolling:auto;\">\n\t\t\t<iframe class=\"pdfembed-iframe nonfullscreen wppdf-emb-iframe-1\"\n\t\t\t\tsrc=\"https:\/\/snudifo09.com\/?pdfemb-data=eyJwZGZJRCI6NTE4LCJ1cmwiOiJodHRwczpcL1wvc251ZGlmbzA5LmNvbVwvd3AtY29udGVudFwvdXBsb2Fkc1wvMjAyNlwvMDlcLzI2MDcwOS1DUi1HVC1JbmNsdXNpb24ucGRmIiwiaW5kZXgiOjF9\"\n\t\t\t\t\t\t\t\tdata-pdf-id=\"518\"\n\t\t\t\tdata-pdf-index=\"1\"\n\t\t\t\tstyle=\"border:none;width:100%;max-width:100%;height:100vh;\"\n\t\t\t\tscrolling=\"yes\">\n\t\t\t<\/iframe>\n\t\t<\/div>\n\n\t\t","protected":false},"excerpt":{"rendered":"<div class=\"mh-excerpt\">La pr\u00e9sidente de s\u00e9ance propose l\u2019ordre du jour et indique que l\u2019objet du GT est la r\u00e9alisation d\u2019un guide \u00e0 destination des personnels. Elle demande si toutes les organisations sont d\u2019accord. La FNEC FP-FO intervient <a class=\"mh-excerpt-more\" href=\"https:\/\/snudifo09.com\/index.php\/2026\/09\/04\/compte-rendu-du-gt-de-la-formation-specialisee-concernant-linclusion-du-7-juillet-2026\/\" title=\"Compte rendu du GT de la formation sp\u00e9cialis\u00e9e concernant l\u2019inclusion du 7 juillet 2026\">[&#8230;]<\/a><\/div>\n","protected":false},"author":3,"featured_media":370,"comment_status":"closed","ping_status":"closed","sticky":false,"template":"","format":"standard","meta":{"cybocfi_hide_featured_image":"yes","footnotes":""},"categories":[20,9,31,27],"tags":[],"class_list":["post-517","post","type-post","status-publish","format-standard","has-post-thumbnail","category-aesh","category-communiques","category-compte-rendus","category-inclusion"],"_links":{"self":[{"href":"https:\/\/snudifo09.com\/index.php\/wp-json\/wp\/v2\/posts\/517","targetHints":{"allow":["GET"]}}],"collection":[{"href":"https:\/\/snudifo09.com\/index.php\/wp-json\/wp\/v2\/posts"}],"about":[{"href":"https:\/\/snudifo09.com\/index.php\/wp-json\/wp\/v2\/types\/post"}],"author":[{"embeddable":true,"href":"https:\/\/snudifo09.com\/index.php\/wp-json\/wp\/v2\/users\/3"}],"replies":[{"embeddable":true,"href":"https:\/\/snudifo09.com\/index.php\/wp-json\/wp\/v2\/comments?post=517"}],"version-history":[{"count":1,"href":"https:\/\/snudifo09.com\/index.php\/wp-json\/wp\/v2\/posts\/517\/revisions"}],"predecessor-version":[{"id":519,"href":"https:\/\/snudifo09.com\/index.php\/wp-json\/wp\/v2\/posts\/517\/revisions\/519"}],"wp:featuredmedia":[{"embeddable":true,"href":"https:\/\/snudifo09.com\/index.php\/wp-json\/wp\/v2\/media\/370"}],"wp:attachment":[{"href":"https:\/\/snudifo09.com\/index.php\/wp-json\/wp\/v2\/media?parent=517"}],"wp:term":[{"taxonomy":"category","embeddable":true,"href":"https:\/\/snudifo09.com\/index.php\/wp-json\/wp\/v2\/categories?post=517"},{"taxonomy":"post_tag","embeddable":true,"href":"https:\/\/snudifo09.com\/index.php\/wp-json\/wp\/v2\/tags?post=517"}],"curies":[{"name":"wp","href":"https:\/\/api.w.org\/{rel}","templated":true}]}}