{"id":496,"date":"2026-09-04T16:28:03","date_gmt":"2026-09-04T14:28:03","guid":{"rendered":"https:\/\/snudifo09.com\/?p=496"},"modified":"2026-09-04T16:28:05","modified_gmt":"2026-09-04T14:28:05","slug":"cyberattaques-fuites-de-donnees-le-ministre-responsable-du-chaos","status":"publish","type":"post","link":"https:\/\/snudifo09.com\/index.php\/2026\/09\/04\/cyberattaques-fuites-de-donnees-le-ministre-responsable-du-chaos\/","title":{"rendered":"Cyberattaques, fuites de donn\u00e9es : le ministre responsable du chaos !"},"content":{"rendered":"\n<p class=\"wp-block-paragraph\">La rentr\u00e9e scolaire s\u2019annon\u00e7ait d\u00e9j\u00e0 chaotique avec les milliers de suppressions de postes et de classes et la d\u00e9gradation continue des conditions de travail li\u00e9e aux contre-r\u00e9formes&#8230; les syst\u00e8mes informatiques du minist\u00e8re viennent \u00e0 nouveau d\u2019\u00eatre pirat\u00e9s, provoquant l\u2019inqui\u00e9tude et la col\u00e8re des personnels qui paient les cons\u00e9quences de cette situation.<\/p>\n\n\n\n\t\t<div class=\"wppdfemb-frame-container-1\" style=\"-webkit-overflow-scrolling:auto;\">\n\t\t\t<iframe class=\"pdfembed-iframe nonfullscreen wppdf-emb-iframe-1\"\n\t\t\t\tsrc=\"https:\/\/snudifo09.com\/?pdfemb-data=eyJwZGZJRCI6NDk3LCJ1cmwiOiJodHRwczpcL1wvc251ZGlmbzA5LmNvbVwvd3AtY29udGVudFwvdXBsb2Fkc1wvMjAyNlwvMDlcLzI2LTA4LTIzLUN5YmVyYXR0YXF1ZXMtZnVpdGVzLWRlLWRvbm5lZXMtbGUtbWluaXN0cmUtcmVzcG9uc2FibGUtZHUtY2hhb3MucGRmIiwiaW5kZXgiOjF9\"\n\t\t\t\t\t\t\t\tdata-pdf-id=\"497\"\n\t\t\t\tdata-pdf-index=\"1\"\n\t\t\t\tstyle=\"border:none;width:100%;max-width:100%;height:100vh;\"\n\t\t\t\tscrolling=\"yes\">\n\t\t\t<\/iframe>\n\t\t<\/div>\n\n\t\t","protected":false},"excerpt":{"rendered":"<div class=\"mh-excerpt\">La rentr\u00e9e scolaire s\u2019annon\u00e7ait d\u00e9j\u00e0 chaotique avec les milliers de suppressions de postes et de classes et la d\u00e9gradation continue des conditions de travail li\u00e9e aux contre-r\u00e9formes&#8230; les syst\u00e8mes informatiques du minist\u00e8re viennent \u00e0 nouveau <a class=\"mh-excerpt-more\" href=\"https:\/\/snudifo09.com\/index.php\/2026\/09\/04\/cyberattaques-fuites-de-donnees-le-ministre-responsable-du-chaos\/\" title=\"Cyberattaques, fuites de donn\u00e9es : le ministre responsable du chaos !\">[&#8230;]<\/a><\/div>\n","protected":false},"author":3,"featured_media":252,"comment_status":"closed","ping_status":"closed","sticky":false,"template":"","format":"standard","meta":{"cybocfi_hide_featured_image":"yes","footnotes":""},"categories":[9],"tags":[],"class_list":["post-496","post","type-post","status-publish","format-standard","has-post-thumbnail","category-communiques"],"_links":{"self":[{"href":"https:\/\/snudifo09.com\/index.php\/wp-json\/wp\/v2\/posts\/496","targetHints":{"allow":["GET"]}}],"collection":[{"href":"https:\/\/snudifo09.com\/index.php\/wp-json\/wp\/v2\/posts"}],"about":[{"href":"https:\/\/snudifo09.com\/index.php\/wp-json\/wp\/v2\/types\/post"}],"author":[{"embeddable":true,"href":"https:\/\/snudifo09.com\/index.php\/wp-json\/wp\/v2\/users\/3"}],"replies":[{"embeddable":true,"href":"https:\/\/snudifo09.com\/index.php\/wp-json\/wp\/v2\/comments?post=496"}],"version-history":[{"count":1,"href":"https:\/\/snudifo09.com\/index.php\/wp-json\/wp\/v2\/posts\/496\/revisions"}],"predecessor-version":[{"id":498,"href":"https:\/\/snudifo09.com\/index.php\/wp-json\/wp\/v2\/posts\/496\/revisions\/498"}],"wp:featuredmedia":[{"embeddable":true,"href":"https:\/\/snudifo09.com\/index.php\/wp-json\/wp\/v2\/media\/252"}],"wp:attachment":[{"href":"https:\/\/snudifo09.com\/index.php\/wp-json\/wp\/v2\/media?parent=496"}],"wp:term":[{"taxonomy":"category","embeddable":true,"href":"https:\/\/snudifo09.com\/index.php\/wp-json\/wp\/v2\/categories?post=496"},{"taxonomy":"post_tag","embeddable":true,"href":"https:\/\/snudifo09.com\/index.php\/wp-json\/wp\/v2\/tags?post=496"}],"curies":[{"name":"wp","href":"https:\/\/api.w.org\/{rel}","templated":true}]}}