{"id":491,"date":"2026-09-04T16:17:16","date_gmt":"2026-09-04T14:17:16","guid":{"rendered":"https:\/\/snudifo09.com\/?p=491"},"modified":"2026-09-04T16:17:18","modified_gmt":"2026-09-04T14:17:18","slug":"la-canicule-pretexte-a-la-privatisation-de-lecole","status":"publish","type":"post","link":"https:\/\/snudifo09.com\/index.php\/2026\/09\/04\/la-canicule-pretexte-a-la-privatisation-de-lecole\/","title":{"rendered":"La canicule : pr\u00e9texte \u00e0 la privatisation de l\u2019\u00e9cole ?"},"content":{"rendered":"\n<p class=\"wp-block-paragraph\">A quand les annonces de Total Energie, Engie et d\u2019autres pour rafra\u00eechir l\u2019\u00e9cole ? Pendant la canicule de mai, la seule r\u00e9action du ministre a \u00e9t\u00e9 la publication d\u2019un protocole minist\u00e9riel de gestion des vagues de chaleur et des affichettes \u00e0 coller. Aujourd\u2019hui il se contente de ces actions priv\u00e9es, qu\u2019il pr\u00e9sente comme une forme de contribution g\u00e9n\u00e9reuse des grandes soci\u00e9t\u00e9s fran\u00e7aises \u00e0 la Nation ! Honte \u00e0 ce gouvernement !<\/p>\n\n\n\n\t\t<div class=\"wppdfemb-frame-container-1\" style=\"-webkit-overflow-scrolling:auto;\">\n\t\t\t<iframe class=\"pdfembed-iframe nonfullscreen wppdf-emb-iframe-1\"\n\t\t\t\tsrc=\"https:\/\/snudifo09.com\/?pdfemb-data=eyJwZGZJRCI6NDkyLCJ1cmwiOiJodHRwczpcL1wvc251ZGlmbzA5LmNvbVwvd3AtY29udGVudFwvdXBsb2Fkc1wvMjAyNlwvMDlcLzI2LTA3LTEwLUxhLWNhbmljdWxlLXVuLXByZXRleHRlLWEtbGEtcHJpdmF0aXNhdGlvbi1kZS1sRWNvbGUucGRmIiwiaW5kZXgiOjF9\"\n\t\t\t\t\t\t\t\tdata-pdf-id=\"492\"\n\t\t\t\tdata-pdf-index=\"1\"\n\t\t\t\tstyle=\"border:none;width:100%;max-width:100%;height:100vh;\"\n\t\t\t\tscrolling=\"yes\">\n\t\t\t<\/iframe>\n\t\t<\/div>\n\n\t\t","protected":false},"excerpt":{"rendered":"<div class=\"mh-excerpt\">A quand les annonces de Total Energie, Engie et d\u2019autres pour rafra\u00eechir l\u2019\u00e9cole ? Pendant la canicule de mai, la seule r\u00e9action du ministre a \u00e9t\u00e9 la publication d\u2019un protocole minist\u00e9riel de gestion des vagues <a class=\"mh-excerpt-more\" href=\"https:\/\/snudifo09.com\/index.php\/2026\/09\/04\/la-canicule-pretexte-a-la-privatisation-de-lecole\/\" title=\"La canicule : pr\u00e9texte \u00e0 la privatisation de l\u2019\u00e9cole ?\">[&#8230;]<\/a><\/div>\n","protected":false},"author":3,"featured_media":493,"comment_status":"closed","ping_status":"closed","sticky":false,"template":"","format":"standard","meta":{"cybocfi_hide_featured_image":"yes","footnotes":""},"categories":[9,25,11,10],"tags":[],"class_list":["post-491","post","type-post","status-publish","format-standard","has-post-thumbnail","category-communiques","category-defense-de-lecole","category-sante-au-travail","category-vos-droits"],"_links":{"self":[{"href":"https:\/\/snudifo09.com\/index.php\/wp-json\/wp\/v2\/posts\/491","targetHints":{"allow":["GET"]}}],"collection":[{"href":"https:\/\/snudifo09.com\/index.php\/wp-json\/wp\/v2\/posts"}],"about":[{"href":"https:\/\/snudifo09.com\/index.php\/wp-json\/wp\/v2\/types\/post"}],"author":[{"embeddable":true,"href":"https:\/\/snudifo09.com\/index.php\/wp-json\/wp\/v2\/users\/3"}],"replies":[{"embeddable":true,"href":"https:\/\/snudifo09.com\/index.php\/wp-json\/wp\/v2\/comments?post=491"}],"version-history":[{"count":1,"href":"https:\/\/snudifo09.com\/index.php\/wp-json\/wp\/v2\/posts\/491\/revisions"}],"predecessor-version":[{"id":494,"href":"https:\/\/snudifo09.com\/index.php\/wp-json\/wp\/v2\/posts\/491\/revisions\/494"}],"wp:featuredmedia":[{"embeddable":true,"href":"https:\/\/snudifo09.com\/index.php\/wp-json\/wp\/v2\/media\/493"}],"wp:attachment":[{"href":"https:\/\/snudifo09.com\/index.php\/wp-json\/wp\/v2\/media?parent=491"}],"wp:term":[{"taxonomy":"category","embeddable":true,"href":"https:\/\/snudifo09.com\/index.php\/wp-json\/wp\/v2\/categories?post=491"},{"taxonomy":"post_tag","embeddable":true,"href":"https:\/\/snudifo09.com\/index.php\/wp-json\/wp\/v2\/tags?post=491"}],"curies":[{"name":"wp","href":"https:\/\/api.w.org\/{rel}","templated":true}]}}