{"id":488,"date":"2026-09-04T16:04:40","date_gmt":"2026-09-04T14:04:40","guid":{"rendered":"https:\/\/snudifo09.com\/?p=488"},"modified":"2026-09-04T16:04:42","modified_gmt":"2026-09-04T14:04:42","slug":"petition-nationale-non-a-la-psc-obligatoire","status":"publish","type":"post","link":"https:\/\/snudifo09.com\/index.php\/2026\/09\/04\/petition-nationale-non-a-la-psc-obligatoire\/","title":{"rendered":"P\u00e9tition nationale\u00a0: non \u00e0\u00a0la PSC obligatoire\u00a0!"},"content":{"rendered":"\n<p class=\"has-vivid-red-color has-text-color has-link-color wp-elements-1 wp-block-paragraph\"><strong>Nous ne voulons pas de l\u2019adh\u00e9sion obligatoire \u00e0&nbsp;la PSC&nbsp;!<br>Nous exigeons la d\u00e9nonciation de l\u2019accord&nbsp;!<\/strong><\/p>\n\n\n\n<p class=\"wp-block-paragraph\">\u00c0 l\u2019\u00c9ducation nationale, l\u2019Enseignement sup\u00e9rieur, la Recherche et l\u2019Espace et \u00e0&nbsp;Jeunesse et Sports,<strong>&nbsp;l<\/strong><strong>\u2019adh\u00e9sion obligatoire au volet sant\u00e9 de la PSC et le d\u00e9couplage sant\u00e9\/pr\u00e9voyance ont \u00e9t\u00e9 impos\u00e9s par l\u2019accord du 8&nbsp;avril 2024 sign\u00e9 par 6&nbsp;organisations sur 7<\/strong><strong>&nbsp;(la FNEC FP-FO ne l\u2019a pas sign\u00e9)<\/strong><strong>.<\/strong><\/p>\n\n\n\n<p class=\"wp-block-paragraph\">Nous refusons d\u2019en supporter les cons\u00e9quences.<\/p>\n\n\n\n<p class=\"wp-block-paragraph\">La mise en place de cette PSC est une&nbsp;<strong>grave remise en cause du principe de solidarit\u00e9 de la S\u00e9curit\u00e9 sociale de 1945<\/strong>&nbsp;: cotiser selon ses moyens et recevoir selon ses besoins. Face \u00e0&nbsp;la pr\u00e9carisation des personnels,&nbsp;<strong>c\u2019est au contraire vers le 100% S\u00e9cu qu\u2019il faut tendre.<\/strong><\/p>\n\n\n\n<p class=\"wp-block-paragraph\"><strong>Nous voulons&nbsp;:<\/strong><\/p>\n\n\n\n<ul class=\"wp-block-list\">\n<li><strong>La libert\u00e9 d\u2019adh\u00e9sion \u00e0\u00a0la compl\u00e9mentaire\u00a0sant\u00e9<\/strong><\/li>\n\n\n\n<li><strong>Le couplage sant\u00e9-pr\u00e9voyance\u00a0:<\/strong>\u00a0nous refusons de payer deux cotisations qui engendrent des co\u00fbts suppl\u00e9mentaires<\/li>\n\n\n\n<li><strong>Une meilleure et la m\u00eame couverture pour tous selon le principe de solidarit\u00e9\u00a0:\u00a0<\/strong>pas d\u2019options pour \u00eatre mieux rembours\u00e9s\u00a0! Nous refusons tout questionnaire de sant\u00e9, toute exclusion de pathologie ou surcotisation.<\/li>\n\n\n\n<li>Le respect de notre volont\u00e9\u00a0: aucune option impos\u00e9e\u00a0! Pas de pr\u00e9voyance individuelle impos\u00e9e\u00a0!<\/li>\n\n\n\n<li>Pour les ma\u00eetres du priv\u00e9 sous contrat, le maintien de leur pr\u00e9voyance dans les conditions de l\u2019accord de\u00a02012.<\/li>\n\n\n\n<li><strong>Le r\u00e9tablissement de l\u2019indemnisation \u00e0\u00a0100\u00a0% en cas d\u2019arr\u00eat maladie\u00a0! Abrogation du jour de carence\u00a0!<\/strong><\/li>\n<\/ul>\n\n\n\n<p class=\"wp-block-paragraph\"><strong>L\u2019accord sur la PSC peut \u00eatre remis en question si 50% au moins des organisations syndicales signataires venaient \u00e0&nbsp;le d\u00e9noncer.&nbsp;<\/strong><\/p>\n\n\n\n<p class=\"wp-block-paragraph\"><strong>L\u2019accord PSC doit \u00eatre d\u00e9nonc\u00e9 et ren\u00e9goci\u00e9 sur la base de la libert\u00e9 d\u2019adh\u00e9sion \u00e0&nbsp;la compl\u00e9mentaire, garantissant le couplage sant\u00e9-pr\u00e9voyance, la solidarit\u00e9 entre agents, le m\u00eame panier de soins pour tous sans syst\u00e8me d\u2019options ou de surcotisation&nbsp;!<\/strong><\/p>\n\n\n\n<p class=\"has-vivid-red-color has-text-color has-link-color has-large-font-size wp-elements-2 wp-block-paragraph\"><strong><a href=\"https:\/\/www.fo-fnecfp.fr\/petition-psc\/\">JE SIGNE<\/a><\/strong><\/p>\n\n\n\n<p class=\"wp-block-paragraph\"><\/p>\n","protected":false},"excerpt":{"rendered":"<div class=\"mh-excerpt\">Nous ne voulons pas de l\u2019adh\u00e9sion obligatoire \u00e0&nbsp;la PSC&nbsp;!Nous exigeons la d\u00e9nonciation de l\u2019accord&nbsp;! \u00c0 l\u2019\u00c9ducation nationale, l\u2019Enseignement sup\u00e9rieur, la Recherche et l\u2019Espace et \u00e0&nbsp;Jeunesse et Sports,&nbsp;l\u2019adh\u00e9sion obligatoire au volet sant\u00e9 de la PSC et <a class=\"mh-excerpt-more\" href=\"https:\/\/snudifo09.com\/index.php\/2026\/09\/04\/petition-nationale-non-a-la-psc-obligatoire\/\" title=\"P\u00e9tition nationale\u00a0: non \u00e0\u00a0la PSC obligatoire\u00a0!\">[&#8230;]<\/a><\/div>\n","protected":false},"author":3,"featured_media":489,"comment_status":"closed","ping_status":"closed","sticky":false,"template":"","format":"standard","meta":{"cybocfi_hide_featured_image":"yes","footnotes":""},"categories":[13,32,10],"tags":[],"class_list":["post-488","post","type-post","status-publish","format-standard","has-post-thumbnail","category-action-sociale","category-psc","category-vos-droits"],"_links":{"self":[{"href":"https:\/\/snudifo09.com\/index.php\/wp-json\/wp\/v2\/posts\/488","targetHints":{"allow":["GET"]}}],"collection":[{"href":"https:\/\/snudifo09.com\/index.php\/wp-json\/wp\/v2\/posts"}],"about":[{"href":"https:\/\/snudifo09.com\/index.php\/wp-json\/wp\/v2\/types\/post"}],"author":[{"embeddable":true,"href":"https:\/\/snudifo09.com\/index.php\/wp-json\/wp\/v2\/users\/3"}],"replies":[{"embeddable":true,"href":"https:\/\/snudifo09.com\/index.php\/wp-json\/wp\/v2\/comments?post=488"}],"version-history":[{"count":1,"href":"https:\/\/snudifo09.com\/index.php\/wp-json\/wp\/v2\/posts\/488\/revisions"}],"predecessor-version":[{"id":490,"href":"https:\/\/snudifo09.com\/index.php\/wp-json\/wp\/v2\/posts\/488\/revisions\/490"}],"wp:featuredmedia":[{"embeddable":true,"href":"https:\/\/snudifo09.com\/index.php\/wp-json\/wp\/v2\/media\/489"}],"wp:attachment":[{"href":"https:\/\/snudifo09.com\/index.php\/wp-json\/wp\/v2\/media?parent=488"}],"wp:term":[{"taxonomy":"category","embeddable":true,"href":"https:\/\/snudifo09.com\/index.php\/wp-json\/wp\/v2\/categories?post=488"},{"taxonomy":"post_tag","embeddable":true,"href":"https:\/\/snudifo09.com\/index.php\/wp-json\/wp\/v2\/tags?post=488"}],"curies":[{"name":"wp","href":"https:\/\/api.w.org\/{rel}","templated":true}]}}