{"id":485,"date":"2026-09-04T15:54:51","date_gmt":"2026-09-04T13:54:51","guid":{"rendered":"https:\/\/snudifo09.com\/?p=485"},"modified":"2026-09-04T15:54:52","modified_gmt":"2026-09-04T13:54:52","slug":"adhesion-obligatoire-a-la-psc-cest-toujours-non","status":"publish","type":"post","link":"https:\/\/snudifo09.com\/index.php\/2026\/09\/04\/adhesion-obligatoire-a-la-psc-cest-toujours-non\/","title":{"rendered":"Adh\u00e9sion obligatoire \u00e0 la PSC, c\u2019est toujours NON !"},"content":{"rendered":"\n<p class=\"wp-block-paragraph\">D\u00e9nonciation de l\u2019accord sur la Protection Sociale compl\u00e9mentaire ! La FNEC FP-FO est la seule organisation syndicale qui a refus\u00e9 de signer l\u2019accord du 8 avril 2024 nous imposant l\u2019adh\u00e9sion obligatoire au volet sant\u00e9 du contrat PSC et le d\u00e9couplage de la sant\u00e9 et<br>de la pr\u00e9voyance. Depuis le premier mai, date de la mise en place de cet accord, les coll\u00e8gues sont r\u00e9volt\u00e9s.<\/p>\n\n\n\n\t\t<div class=\"wppdfemb-frame-container-1\" style=\"-webkit-overflow-scrolling:auto;\">\n\t\t\t<iframe class=\"pdfembed-iframe nonfullscreen wppdf-emb-iframe-1\"\n\t\t\t\tsrc=\"https:\/\/snudifo09.com\/?pdfemb-data=eyJwZGZJRCI6NDg2LCJ1cmwiOiJodHRwczpcL1wvc251ZGlmbzA5LmNvbVwvd3AtY29udGVudFwvdXBsb2Fkc1wvMjAyNlwvMDlcLzI2LTA2LTExLUFkaGVzaW9uLW9ibGlnYXRvaXJlLWEtbGEtUFNDLWNlc3QtdG91am91cnMtbm9uLnBkZiIsImluZGV4IjoxfQ\"\n\t\t\t\t\t\t\t\tdata-pdf-id=\"486\"\n\t\t\t\tdata-pdf-index=\"1\"\n\t\t\t\tstyle=\"border:none;width:100%;max-width:100%;height:100vh;\"\n\t\t\t\tscrolling=\"yes\">\n\t\t\t<\/iframe>\n\t\t<\/div>\n\n\t\t","protected":false},"excerpt":{"rendered":"<div class=\"mh-excerpt\">D\u00e9nonciation de l\u2019accord sur la Protection Sociale compl\u00e9mentaire ! La FNEC FP-FO est la seule organisation syndicale qui a refus\u00e9 de signer l\u2019accord du 8 avril 2024 nous imposant l\u2019adh\u00e9sion obligatoire au volet sant\u00e9 du <a class=\"mh-excerpt-more\" href=\"https:\/\/snudifo09.com\/index.php\/2026\/09\/04\/adhesion-obligatoire-a-la-psc-cest-toujours-non\/\" title=\"Adh\u00e9sion obligatoire \u00e0 la PSC, c\u2019est toujours NON !\">[&#8230;]<\/a><\/div>\n","protected":false},"author":3,"featured_media":35,"comment_status":"closed","ping_status":"closed","sticky":false,"template":"","format":"standard","meta":{"cybocfi_hide_featured_image":"yes","footnotes":""},"categories":[13,9,32,10],"tags":[],"class_list":["post-485","post","type-post","status-publish","format-standard","has-post-thumbnail","category-action-sociale","category-communiques","category-psc","category-vos-droits"],"_links":{"self":[{"href":"https:\/\/snudifo09.com\/index.php\/wp-json\/wp\/v2\/posts\/485","targetHints":{"allow":["GET"]}}],"collection":[{"href":"https:\/\/snudifo09.com\/index.php\/wp-json\/wp\/v2\/posts"}],"about":[{"href":"https:\/\/snudifo09.com\/index.php\/wp-json\/wp\/v2\/types\/post"}],"author":[{"embeddable":true,"href":"https:\/\/snudifo09.com\/index.php\/wp-json\/wp\/v2\/users\/3"}],"replies":[{"embeddable":true,"href":"https:\/\/snudifo09.com\/index.php\/wp-json\/wp\/v2\/comments?post=485"}],"version-history":[{"count":1,"href":"https:\/\/snudifo09.com\/index.php\/wp-json\/wp\/v2\/posts\/485\/revisions"}],"predecessor-version":[{"id":487,"href":"https:\/\/snudifo09.com\/index.php\/wp-json\/wp\/v2\/posts\/485\/revisions\/487"}],"wp:featuredmedia":[{"embeddable":true,"href":"https:\/\/snudifo09.com\/index.php\/wp-json\/wp\/v2\/media\/35"}],"wp:attachment":[{"href":"https:\/\/snudifo09.com\/index.php\/wp-json\/wp\/v2\/media?parent=485"}],"wp:term":[{"taxonomy":"category","embeddable":true,"href":"https:\/\/snudifo09.com\/index.php\/wp-json\/wp\/v2\/categories?post=485"},{"taxonomy":"post_tag","embeddable":true,"href":"https:\/\/snudifo09.com\/index.php\/wp-json\/wp\/v2\/tags?post=485"}],"curies":[{"name":"wp","href":"https:\/\/api.w.org\/{rel}","templated":true}]}}